{"id":362,"date":"2021-09-16T08:25:54","date_gmt":"2021-09-16T08:25:54","guid":{"rendered":"https:\/\/www.macflydmc.com\/blog\/?p=362"},"modified":"2021-09-17T10:00:08","modified_gmt":"2021-09-17T10:00:08","slug":"personalizamos-tu-producto-mostramos-tu-marca","status":"publish","type":"post","link":"https:\/\/www.macflydmc.com\/blog\/es\/equipo\/personalizamos-tu-producto-mostramos-tu-marca\/","title":{"rendered":"PERSONALIZAMOS TU PRODUCTO. MOSTRAMOS TU MARCA"},"content":{"rendered":"\t\t<div data-elementor-type=\"wp-post\" data-elementor-id=\"362\" class=\"elementor elementor-362\">\n\t\t\t\t\t\t<div class=\"elementor-inner\">\n\t\t\t\t<div class=\"elementor-section-wrap\">\n\t\t\t\t\t\t\t\t\t<section class=\"elementor-section elementor-top-section elementor-element elementor-element-86b9994 elementor-section-boxed elementor-section-height-default elementor-section-height-default\" data-id=\"86b9994\" data-element_type=\"section\">\n\t\t\t\t\t\t<div class=\"elementor-container elementor-column-gap-default\">\n\t\t\t\t\t\t\t<div class=\"elementor-row\">\n\t\t\t\t\t<div class=\"elementor-column elementor-col-100 elementor-top-column elementor-element elementor-element-6bed132\" data-id=\"6bed132\" data-element_type=\"column\">\n\t\t\t<div class=\"elementor-column-wrap elementor-element-populated\">\n\t\t\t\t\t\t\t<div class=\"elementor-widget-wrap\">\n\t\t\t\t\t\t<div class=\"elementor-element elementor-element-cb1bf04 elementor-widget elementor-widget-text-editor\" data-id=\"cb1bf04\" data-element_type=\"widget\" data-widget_type=\"text-editor.default\">\n\t\t\t\t<div class=\"elementor-widget-container\">\n\t\t\t\t\t\t\t\t<div class=\"elementor-text-editor elementor-clearfix\">\n\t\t\t\t<p>Por Paco Gresa, coordinador de la Secci\u00f3n de Serigraf\u00eda y Montaje de <strong><em>DMC Macfly.<\/em><\/strong><\/p><p>M\u00e1s de 30 a\u00f1os en la empresa avalan la experiencia y profesionalidad de nuestro responsable de la secci\u00f3n de Serigraf\u00eda y Montaje.&nbsp; En su larga y dilatada trayectoria en la empresa Paco, licenciado en Bellas Artes, ha desempe\u00f1ado distintas funciones. Desde hace 8 a\u00f1os es coordinador de la secci\u00f3n de Serigraf\u00eda y Montaje, tanto de producci\u00f3n propia como subcontrataciones de proveedores externos.<\/p>\n<p>Paco nos cuenta en este Blog cu\u00e1l es su funci\u00f3n pero, sobre todo, qu\u00e9 es lo que se hace en ella. \u201cEn la secci\u00f3n personalizamos los art\u00edculos para cada cliente con los artes finales. Normalmente el cliente nos facilita el material necesario, tanto la marca (logo), como los pantones (colores), trazados, etc. En caso que el cliente lo prefiera nuestro departamento de dise\u00f1o se encarga de plasmar la marca en el art\u00edculo bajo la supervisi\u00f3n y siguiendo las directrices siempre del cliente\u201d. En <strong><em>DMC Macfly<\/em><\/strong> &nbsp;imprimimos el logotipo en las piezas, siempre en un lugar visible para que adquiera la notoriedad que nos demandan. Si el art\u00edculo est\u00e1 compuesto por varias piezas, en esta secci\u00f3n las montamos y embalamos para dejar el producto listo para su env\u00edo\u201d.<\/p>\n<p>\u201cLas t\u00e9cnicas y materiales con los que trabajamos en este proceso se cuidan al m\u00e1ximo y los materiales que se utilizan son sostenibles\u201d destaca Paco. El respeto al medio ambiente y la sostenibilidad est\u00e1n presentes siempre en&nbsp; <strong><em>DMC Macfly<\/em><\/strong>. Las t\u00e9cnicas que se utilizan en esta secci\u00f3n son muy variadas, serigraf\u00eda,&nbsp; tampograf\u00eda,&nbsp; termograbado e impresi\u00f3n digital. Disponemos de maquinaria de alta precisi\u00f3n y \u00faltima generaci\u00f3n. Desde m\u00e1quinas de serigraf\u00eda semiautom\u00e1ticas para cil\u00edndrico, serigraf\u00eda manual en plano, tampograf\u00eda, termograbado en plano y termograbado de efecto aluminio raspado en cil\u00edndrico, hasta&nbsp; impresoras digitales y m\u00e1quinas de corte y grabado l\u00e1ser.<\/p>\n<p><img loading=\"lazy\" decoding=\"async\" class=\"alignnone size-full wp-image-365\" src=\"https:\/\/www.macflydmc.com\/blog\/wp-content\/uploads\/2021\/09\/1.jpg\" alt=\"\" width=\"828\" height=\"708\"><\/p>\n<p><\/p>\n<p><\/p>\n<p>EL ART\u00cdCULO LISTO PARA SU ENV\u00cdO<\/p>\n<p>Cuando el art\u00edculo est\u00e1 serigrafiado, la marca impresa, se procede a su montaje y embalaje para su env\u00edo al cliente. Si el art\u00edculo tiene varias piezas las ensamblamos con todos sus componentes haciendo una pieza \u00fanica que es el producto terminado final y tambi\u00e9n manipulamos varios terminados como un kit para un env\u00edo m\u00e1s f\u00e1cil y c\u00f3modo para el cliente. Para realizar estos trabajos disponemos de m\u00e1quinas de soldadura por ultrasonidos, emblistadoras, embolsadoras y una cadena de montaje con precintadoras autom\u00e1ticas, etiquetadoras o enfardadoras. Esta cadena la compone adem\u00e1s un equipo humano que trabaja con gran precisi\u00f3n y profesionalidad.<\/p>\n<p>Como hemos dicho, <strong><em>DMC Macfly <\/em><\/strong>&nbsp;est\u00e1 comprometido con el medio ambiente y la sostenibilidad, por ello utilizamos materiales reciclados en la producci\u00f3n, tintas eco libres de metales pesados para la decoraci\u00f3n y materiales sostenibles en el empaquetado con el fin de ir&nbsp; sustituyendo progresivamente en los embalajes las bolsas de pl\u00e1stico y el precinto de polipropileno por bolsas y precinto de papel.<\/p>\n<p>Adem\u00e1s, estamos probando nuevas tintas para darle un valor a\u00f1adido a la marca del cliente y en este momento estamos desarrollando decoraciones con tintas termocrom\u00e1ticas que cambian de color seg\u00fan la temperatura del soporte, muy \u00fatiles, por ejemplo, como indicadores de fr\u00edo.<\/p>\t\t\t\t\t<\/div>\n\t\t\t\t\t\t<\/div>\n\t\t\t\t<\/div>\n\t\t\t\t\t\t<\/div>\n\t\t\t\t\t<\/div>\n\t\t<\/div>\n\t\t\t\t\t\t\t\t<\/div>\n\t\t\t\t\t<\/div>\n\t\t<\/section>\n\t\t\t\t\t\t\t\t\t<\/div>\n\t\t\t<\/div>\n\t\t\t\t\t<\/div>\n\t\t","protected":false},"excerpt":{"rendered":"<p>Por Paco Gresa, coordinador de la Secci\u00f3n de Serigraf\u00eda y Montaje de DMC Macfly. M\u00e1s de 30 a\u00f1os en la empresa avalan la experiencia y profesionalidad de nuestro responsable de la secci\u00f3n de Serigraf\u00eda y Montaje.&nbsp; En su larga y dilatada trayectoria en la empresa Paco, licenciado en Bellas Artes, ha desempe\u00f1ado distintas funciones. Desde&hellip; <a class=\"more-link\" href=\"https:\/\/www.macflydmc.com\/blog\/es\/equipo\/personalizamos-tu-producto-mostramos-tu-marca\/\">Seguir leyendo <span class=\"screen-reader-text\">PERSONALIZAMOS TU PRODUCTO. MOSTRAMOS TU MARCA<\/span><\/a><\/p>\n","protected":false},"author":2,"featured_media":363,"comment_status":"closed","ping_status":"open","sticky":false,"template":"","format":"standard","meta":{"footnotes":""},"categories":[17],"tags":[],"class_list":["post-362","post","type-post","status-publish","format-standard","has-post-thumbnail","hentry","category-equipo","entry"],"_links":{"self":[{"href":"https:\/\/www.macflydmc.com\/blog\/es\/wp-json\/wp\/v2\/posts\/362","targetHints":{"allow":["GET"]}}],"collection":[{"href":"https:\/\/www.macflydmc.com\/blog\/es\/wp-json\/wp\/v2\/posts"}],"about":[{"href":"https:\/\/www.macflydmc.com\/blog\/es\/wp-json\/wp\/v2\/types\/post"}],"author":[{"embeddable":true,"href":"https:\/\/www.macflydmc.com\/blog\/es\/wp-json\/wp\/v2\/users\/2"}],"replies":[{"embeddable":true,"href":"https:\/\/www.macflydmc.com\/blog\/es\/wp-json\/wp\/v2\/comments?post=362"}],"version-history":[{"count":10,"href":"https:\/\/www.macflydmc.com\/blog\/es\/wp-json\/wp\/v2\/posts\/362\/revisions"}],"predecessor-version":[{"id":380,"href":"https:\/\/www.macflydmc.com\/blog\/es\/wp-json\/wp\/v2\/posts\/362\/revisions\/380"}],"wp:featuredmedia":[{"embeddable":true,"href":"https:\/\/www.macflydmc.com\/blog\/es\/wp-json\/wp\/v2\/media\/363"}],"wp:attachment":[{"href":"https:\/\/www.macflydmc.com\/blog\/es\/wp-json\/wp\/v2\/media?parent=362"}],"wp:term":[{"taxonomy":"category","embeddable":true,"href":"https:\/\/www.macflydmc.com\/blog\/es\/wp-json\/wp\/v2\/categories?post=362"},{"taxonomy":"post_tag","embeddable":true,"href":"https:\/\/www.macflydmc.com\/blog\/es\/wp-json\/wp\/v2\/tags?post=362"}],"curies":[{"name":"wp","href":"https:\/\/api.w.org\/{rel}","templated":true}]}}